{"id":6355,"date":"2025-11-04T19:55:25","date_gmt":"2025-11-04T19:55:25","guid":{"rendered":"https:\/\/portal.abepro.org.br\/abepro2025\/?p=6355"},"modified":"2025-11-04T19:56:49","modified_gmt":"2025-11-04T19:56:49","slug":"abepro-homologa-resultado-das-eleicoes-2025","status":"publish","type":"post","link":"https:\/\/portal.abepro.org.br\/abepro2025\/abepro-homologa-resultado-das-eleicoes-2025\/","title":{"rendered":"ABEPRO homologa resultado das elei\u00e7\u00f5es 2025"},"content":{"rendered":"\t\t<div data-elementor-type=\"wp-post\" data-elementor-id=\"6355\" class=\"elementor elementor-6355\" data-elementor-post-type=\"post\">\n\t\t\t\t<div class=\"elementor-element elementor-element-7aad447 e-flex e-con-boxed e-con e-parent\" data-id=\"7aad447\" data-element_type=\"container\">\n\t\t\t\t\t<div class=\"e-con-inner\">\n\t\t\t\t<div class=\"elementor-element elementor-element-367ea81 elementor-widget elementor-widget-text-editor\" data-id=\"367ea81\" data-element_type=\"widget\" data-widget_type=\"text-editor.default\">\n\t\t\t\t<div class=\"elementor-widget-container\">\n\t\t\t\t\t\t\t\t\t<p data-start=\"122\" data-end=\"286\">A Associa\u00e7\u00e3o Brasileira de Engenharia de Produ\u00e7\u00e3o (ABEPRO) divulga a homologa\u00e7\u00e3o do resultado das elei\u00e7\u00f5es para a Diretoria e o Conselho Fiscal, gest\u00e3o 2026\/2027.<\/p><p data-start=\"288\" data-end=\"385\">A elei\u00e7\u00e3o foi conduzida pela Comiss\u00e3o Eleitoral e contou com ampla participa\u00e7\u00e3o dos associados.<\/p><p data-start=\"387\" data-end=\"432\">\ud83d\udcc4 <strong data-start=\"390\" data-end=\"432\">Confira o documento completo em anexo.<\/strong><\/p><p data-start=\"387\" data-end=\"432\"><a href=\"https:\/\/portal.abepro.org.br\/abepro2025\/wp-content\/uploads\/2025\/11\/Eleicoes-2025-Homologacao-do-resultado-das-eleicoes.docx\">Elei\u00e7\u00f5es 2025 &#8211; Homologa\u00e7\u00e3o do resultado das elei\u00e7\u00f5es<\/a><\/p>\t\t\t\t\t\t\t\t<\/div>\n\t\t\t\t<\/div>\n\t\t\t\t\t<\/div>\n\t\t\t\t<\/div>\n\t\t\t\t<\/div>\n\t\t","protected":false},"excerpt":{"rendered":"<p>A Associa\u00e7\u00e3o Brasileira de Engenharia de Produ\u00e7\u00e3o (ABEPRO) divulga a homologa\u00e7\u00e3o do resultado das elei\u00e7\u00f5es para a Diretoria e o Conselho Fiscal, gest\u00e3o 2026\/2027. A elei\u00e7\u00e3o foi conduzida pela Comiss\u00e3o Eleitoral e contou com ampla participa\u00e7\u00e3o dos associados. \ud83d\udcc4 Confira o documento completo em anexo. Elei\u00e7\u00f5es 2025 &#8211; Homologa\u00e7\u00e3o do resultado das elei\u00e7\u00f5es<\/p>\n","protected":false},"author":1,"featured_media":6357,"comment_status":"open","ping_status":"open","sticky":false,"template":"","format":"standard","meta":{"footnotes":""},"categories":[6],"tags":[],"class_list":["post-6355","post","type-post","status-publish","format-standard","has-post-thumbnail","hentry","category-noticias"],"_links":{"self":[{"href":"https:\/\/portal.abepro.org.br\/abepro2025\/wp-json\/wp\/v2\/posts\/6355","targetHints":{"allow":["GET"]}}],"collection":[{"href":"https:\/\/portal.abepro.org.br\/abepro2025\/wp-json\/wp\/v2\/posts"}],"about":[{"href":"https:\/\/portal.abepro.org.br\/abepro2025\/wp-json\/wp\/v2\/types\/post"}],"author":[{"embeddable":true,"href":"https:\/\/portal.abepro.org.br\/abepro2025\/wp-json\/wp\/v2\/users\/1"}],"replies":[{"embeddable":true,"href":"https:\/\/portal.abepro.org.br\/abepro2025\/wp-json\/wp\/v2\/comments?post=6355"}],"version-history":[{"count":4,"href":"https:\/\/portal.abepro.org.br\/abepro2025\/wp-json\/wp\/v2\/posts\/6355\/revisions"}],"predecessor-version":[{"id":6361,"href":"https:\/\/portal.abepro.org.br\/abepro2025\/wp-json\/wp\/v2\/posts\/6355\/revisions\/6361"}],"wp:featuredmedia":[{"embeddable":true,"href":"https:\/\/portal.abepro.org.br\/abepro2025\/wp-json\/wp\/v2\/media\/6357"}],"wp:attachment":[{"href":"https:\/\/portal.abepro.org.br\/abepro2025\/wp-json\/wp\/v2\/media?parent=6355"}],"wp:term":[{"taxonomy":"category","embeddable":true,"href":"https:\/\/portal.abepro.org.br\/abepro2025\/wp-json\/wp\/v2\/categories?post=6355"},{"taxonomy":"post_tag","embeddable":true,"href":"https:\/\/portal.abepro.org.br\/abepro2025\/wp-json\/wp\/v2\/tags?post=6355"}],"curies":[{"name":"wp","href":"https:\/\/api.w.org\/{rel}","templated":true}]}}