{"id":6488,"date":"2025-12-16T18:28:59","date_gmt":"2025-12-16T18:28:59","guid":{"rendered":"https:\/\/portal.abepro.org.br\/abepro2025\/?p=6488"},"modified":"2025-12-16T18:37:18","modified_gmt":"2025-12-16T18:37:18","slug":"programa-de-pos-graduacao-em-engenharia-de-producao-ppgep-da-ufsc","status":"publish","type":"post","link":"https:\/\/portal.abepro.org.br\/abepro2025\/programa-de-pos-graduacao-em-engenharia-de-producao-ppgep-da-ufsc\/","title":{"rendered":"Programa de P\u00f3s-Gradua\u00e7\u00e3o em Engenharia de Produ\u00e7\u00e3o (PPGEP) da UFSC"},"content":{"rendered":"\n<p>Abertura do processo de sele\u00e7\u00e3o de novos alunos para os cursos de Mestrado e Doutorado em Engenharia de Produ\u00e7\u00e3o para ingresso em 2026-1<\/p>\n\n\n\n<p><\/p>\n\n\n\n<p>O Coordenador do Programa de P\u00f3s-Gradua\u00e7\u00e3o em Engenharia de Produ\u00e7\u00e3o&nbsp;(PPGEP) da UFSC, no uso de suas atribui\u00e7\u00f5es, torna p\u00fablica a abertura das inscri\u00e7\u00f5es para o processo de sele\u00e7\u00e3o de novos alunos para os cursos de Mestrado e Doutorado em Engenharia de Produ\u00e7\u00e3o para ingresso em 2026-1.&nbsp;<\/p>\n\n\n\n<p>Link para acesso ao edital: &nbsp;<a href=\"https:\/\/ppgep.ufsc.br\/selecao-me-e-do-ingresso-20261\/\" target=\"_blank\" rel=\"noreferrer noopener\">https:\/\/ppgep.ufsc.br\/selecao-me-e-do-ingresso-20261\/<\/a>&nbsp;<\/p>\n\n\n\n<p>Per\u00edodo de inscri\u00e7\u00f5es:&nbsp;<strong>05\/12\/2025<\/strong>&nbsp;a<strong>&nbsp;30\/01\/2026<\/strong><\/p>\n\n\n\n<p>Link para a inscri\u00e7\u00e3o:<strong>&nbsp;<a href=\"https:\/\/capg.sistemas.ufsc.br\/inscricao\/\" rel=\"noreferrer noopener\" target=\"_blank\">https:\/\/capg.sistemas.ufsc.br\/inscricao\/<\/a><\/strong><\/p>\n\n\n\n<p><\/p>\n","protected":false},"excerpt":{"rendered":"<p>Abertura do processo de sele\u00e7\u00e3o de novos alunos para os cursos de Mestrado e Doutorado em Engenharia de Produ\u00e7\u00e3o para ingresso em 2026-1 O Coordenador do Programa de P\u00f3s-Gradua\u00e7\u00e3o em Engenharia de Produ\u00e7\u00e3o&nbsp;(PPGEP) da UFSC, no uso de suas atribui\u00e7\u00f5es, torna p\u00fablica a abertura das inscri\u00e7\u00f5es para o processo de sele\u00e7\u00e3o de novos alunos para [&hellip;]<\/p>\n","protected":false},"author":1,"featured_media":6489,"comment_status":"open","ping_status":"open","sticky":false,"template":"","format":"standard","meta":{"footnotes":""},"categories":[6],"tags":[],"class_list":["post-6488","post","type-post","status-publish","format-standard","has-post-thumbnail","hentry","category-noticias"],"_links":{"self":[{"href":"https:\/\/portal.abepro.org.br\/abepro2025\/wp-json\/wp\/v2\/posts\/6488","targetHints":{"allow":["GET"]}}],"collection":[{"href":"https:\/\/portal.abepro.org.br\/abepro2025\/wp-json\/wp\/v2\/posts"}],"about":[{"href":"https:\/\/portal.abepro.org.br\/abepro2025\/wp-json\/wp\/v2\/types\/post"}],"author":[{"embeddable":true,"href":"https:\/\/portal.abepro.org.br\/abepro2025\/wp-json\/wp\/v2\/users\/1"}],"replies":[{"embeddable":true,"href":"https:\/\/portal.abepro.org.br\/abepro2025\/wp-json\/wp\/v2\/comments?post=6488"}],"version-history":[{"count":1,"href":"https:\/\/portal.abepro.org.br\/abepro2025\/wp-json\/wp\/v2\/posts\/6488\/revisions"}],"predecessor-version":[{"id":6490,"href":"https:\/\/portal.abepro.org.br\/abepro2025\/wp-json\/wp\/v2\/posts\/6488\/revisions\/6490"}],"wp:featuredmedia":[{"embeddable":true,"href":"https:\/\/portal.abepro.org.br\/abepro2025\/wp-json\/wp\/v2\/media\/6489"}],"wp:attachment":[{"href":"https:\/\/portal.abepro.org.br\/abepro2025\/wp-json\/wp\/v2\/media?parent=6488"}],"wp:term":[{"taxonomy":"category","embeddable":true,"href":"https:\/\/portal.abepro.org.br\/abepro2025\/wp-json\/wp\/v2\/categories?post=6488"},{"taxonomy":"post_tag","embeddable":true,"href":"https:\/\/portal.abepro.org.br\/abepro2025\/wp-json\/wp\/v2\/tags?post=6488"}],"curies":[{"name":"wp","href":"https:\/\/api.w.org\/{rel}","templated":true}]}}