{"id":6491,"date":"2025-12-16T18:46:37","date_gmt":"2025-12-16T18:46:37","guid":{"rendered":"https:\/\/portal.abepro.org.br\/abepro2025\/?p=6491"},"modified":"2025-12-16T18:46:37","modified_gmt":"2025-12-16T18:46:37","slug":"oportunidade-para-professor-de-engenharia-de-producao-centro-universitario-fei","status":"publish","type":"post","link":"https:\/\/portal.abepro.org.br\/abepro2025\/oportunidade-para-professor-de-engenharia-de-producao-centro-universitario-fei\/","title":{"rendered":"Oportunidade para professor de Engenharia de Produ\u00e7\u00e3o &#8211; Centro Universit\u00e1rio FEI"},"content":{"rendered":"\n<p>Est\u00e3o abertas as inscri\u00e7\u00f5es para o processo seletivo de professor para o curso de<br>Engenharia de Produ\u00e7\u00e3o do Centro Universit\u00e1rio FEI.<br>As vagas s\u00e3o para atua\u00e7\u00e3o no campus S\u00e3o Bernardo do Campo, com possibilidade de<br>aulas tamb\u00e9m no campus S\u00e3o Paulo, nos per\u00edodos da manh\u00e3, tarde e noite. Haver\u00e1<br>forma\u00e7\u00e3o de cadastro de reserva.<br><\/p>\n\n\n\n<p><strong>Vaga 1 \u2013 Qualidade \/ Estat\u00edstica<\/strong><br><strong>\u00c1reas de atua\u00e7\u00e3o:<\/strong> Qualidade e Estat\u00edstica<\/p>\n\n\n\n<p><strong>Requisitos:<\/strong><\/p>\n\n\n\n<p>Doutorado conclu\u00eddo<\/p>\n\n\n\n<p>Gradua\u00e7\u00e3o em Engenharia de Produ\u00e7\u00e3o<\/p>\n\n\n\n<p>Forte conhecimento t\u00e9cnico, perfil din\u00e2mico, proativo e boa atua\u00e7\u00e3o em equipe<\/p>\n\n\n\n<p>Disponibilidade para dedica\u00e7\u00e3o em tempo integral<\/p>\n\n\n\n<p>Forte dom\u00ednio em qualidade e m\u00e9todos estat\u00edsticos, incluindo o uso de softwares.<\/p>\n\n\n\n<p>Possibilidade de lecionar aos s\u00e1bados.<\/p>\n\n\n\n<p><br><strong>Vaga 2 \u2013 Planejamento e Controle da Produ\u00e7\u00e3o \/ Pesquisa Operacional \/ Log\u00edstica<br>\u00c1reas de atua\u00e7\u00e3o<\/strong>: Planejamento e Controle da Produ\u00e7\u00e3o (PCP), Pesquisa Operacional e Log\u00edstica<br>Requisitos:<\/p>\n\n\n\n<p>Doutorado conclu\u00eddo<\/p>\n\n\n\n<p>Gradua\u00e7\u00e3o em Engenharia de Produ\u00e7\u00e3o<\/p>\n\n\n\n<p>S\u00f3lido conhecimento t\u00e9cnico em planejamento e controle da produ\u00e7\u00e3o, com \u00eanfase em<br>MRP, an\u00e1lise de capacidade, m\u00e9todos de previs\u00e3o de demanda e Sales and Operations<br>Planning.<\/p>\n\n\n\n<p>Perfil din\u00e2mico, proativo e boa atua\u00e7\u00e3o em equipe<\/p>\n\n\n\n<p><br><strong>Como se candidatar<\/strong><br>1. Envie e-mail para (mutiyama@fei.edu.br) com assunto: Vaga docente FEI.<br>2. Anexar seu curr\u00edculo Lattes (n\u00e3o ser\u00e3o aceitos outros formatos).<br>3. Apontar no e-mail qual vaga est\u00e1 se candidatando.<br>4. Inclua tamb\u00e9m seu telefone celular no corpo do e-mail.<\/p>\n\n\n\n<p><\/p>\n","protected":false},"excerpt":{"rendered":"<p>Est\u00e3o abertas as inscri\u00e7\u00f5es para o processo seletivo de professor para o curso deEngenharia de Produ\u00e7\u00e3o do Centro Universit\u00e1rio FEI.As vagas s\u00e3o para atua\u00e7\u00e3o no campus S\u00e3o Bernardo do Campo, com possibilidade deaulas tamb\u00e9m no campus S\u00e3o Paulo, nos per\u00edodos da manh\u00e3, tarde e noite. Haver\u00e1forma\u00e7\u00e3o de cadastro de reserva. Vaga 1 \u2013 Qualidade \/ [&hellip;]<\/p>\n","protected":false},"author":1,"featured_media":6492,"comment_status":"open","ping_status":"open","sticky":false,"template":"","format":"standard","meta":{"footnotes":""},"categories":[6],"tags":[],"class_list":["post-6491","post","type-post","status-publish","format-standard","has-post-thumbnail","hentry","category-noticias"],"_links":{"self":[{"href":"https:\/\/portal.abepro.org.br\/abepro2025\/wp-json\/wp\/v2\/posts\/6491","targetHints":{"allow":["GET"]}}],"collection":[{"href":"https:\/\/portal.abepro.org.br\/abepro2025\/wp-json\/wp\/v2\/posts"}],"about":[{"href":"https:\/\/portal.abepro.org.br\/abepro2025\/wp-json\/wp\/v2\/types\/post"}],"author":[{"embeddable":true,"href":"https:\/\/portal.abepro.org.br\/abepro2025\/wp-json\/wp\/v2\/users\/1"}],"replies":[{"embeddable":true,"href":"https:\/\/portal.abepro.org.br\/abepro2025\/wp-json\/wp\/v2\/comments?post=6491"}],"version-history":[{"count":1,"href":"https:\/\/portal.abepro.org.br\/abepro2025\/wp-json\/wp\/v2\/posts\/6491\/revisions"}],"predecessor-version":[{"id":6493,"href":"https:\/\/portal.abepro.org.br\/abepro2025\/wp-json\/wp\/v2\/posts\/6491\/revisions\/6493"}],"wp:featuredmedia":[{"embeddable":true,"href":"https:\/\/portal.abepro.org.br\/abepro2025\/wp-json\/wp\/v2\/media\/6492"}],"wp:attachment":[{"href":"https:\/\/portal.abepro.org.br\/abepro2025\/wp-json\/wp\/v2\/media?parent=6491"}],"wp:term":[{"taxonomy":"category","embeddable":true,"href":"https:\/\/portal.abepro.org.br\/abepro2025\/wp-json\/wp\/v2\/categories?post=6491"},{"taxonomy":"post_tag","embeddable":true,"href":"https:\/\/portal.abepro.org.br\/abepro2025\/wp-json\/wp\/v2\/tags?post=6491"}],"curies":[{"name":"wp","href":"https:\/\/api.w.org\/{rel}","templated":true}]}}