{"id":6540,"date":"2026-01-15T13:34:46","date_gmt":"2026-01-15T13:34:46","guid":{"rendered":"https:\/\/portal.abepro.org.br\/abepro2025\/?p=6540"},"modified":"2026-01-15T13:34:46","modified_gmt":"2026-01-15T13:34:46","slug":"edital-professor-efetivo-do-departamento-de-engenharia-de-producao-da-universidade-federal-da-paraiba-ufpb-campus-joao-pessoa","status":"publish","type":"post","link":"https:\/\/portal.abepro.org.br\/abepro2025\/edital-professor-efetivo-do-departamento-de-engenharia-de-producao-da-universidade-federal-da-paraiba-ufpb-campus-joao-pessoa\/","title":{"rendered":"Edital &#8211; Professor Efetivo do Departamento de Engenharia de Produ\u00e7\u00e3o da Universidade Federal da Para\u00edba (UFPB) \u2013 Campus Jo\u00e3o Pessoa."},"content":{"rendered":"\n<h3 class=\"wp-block-heading\">\ud83d\udce2 <strong>Oportunidade Acad\u00eamica \u2013 Professor Efetivo em Engenharia de Produ\u00e7\u00e3o (UFPB)<\/strong><\/h3>\n\n\n\n<p>A <strong>Universidade Federal da Para\u00edba (UFPB)<\/strong>, por meio de edital p\u00fablico, est\u00e1 com <strong>concurso aberto para Professor do Magist\u00e9rio Superior<\/strong> (<strong>Edital n\u00ba 110\/2025 \u2013 PROGEP-DSP<\/strong>), para atua\u00e7\u00e3o no <strong>Departamento de Engenharia de Produ\u00e7\u00e3o<\/strong>, no <strong>Campus Jo\u00e3o Pessoa<\/strong>.<\/p>\n\n\n\n<p><strong>Cargo:<\/strong><br>Professor Efetivo \u2013 Departamento de Engenharia de Produ\u00e7\u00e3o (UFPB)<\/p>\n\n\n\n<p><strong>\u00c1rea:<\/strong><br>Gest\u00e3o de Opera\u00e7\u00f5es<\/p>\n\n\n\n<p><strong>Per\u00edodo de inscri\u00e7\u00f5es:<\/strong><br>\ud83d\udcc5 <strong>02 de fevereiro a 02 de mar\u00e7o de 2026<\/strong><\/p>\n\n\n\n<p>A vaga \u00e9 destinada a profissionais qualificados que desejam atuar no ensino, na pesquisa e na extens\u00e3o, contribuindo para a forma\u00e7\u00e3o de engenheiros(as) de produ\u00e7\u00e3o e para o desenvolvimento acad\u00eamico da \u00e1rea.<\/p>\n\n\n\n<p>\ud83d\udd17 <strong>Edital e informa\u00e7\u00f5es adicionais:<\/strong><br><a href=\"https:\/\/progep.ufpb.br\/progep\/contents\/noticias\/progep-ufpb-publica-edital-de-concurso-para-professor-do-magisterio-superior\">https:\/\/progep.ufpb.br\/progep\/contents\/noticias\/progep-ufpb-publica-edital-de-concurso-para-professor-do-magisterio-superior<\/a><\/p>\n\n\n\n<p>A ABEPRO incentiva a ampla divulga\u00e7\u00e3o dessa oportunidade junto \u00e0 comunidade acad\u00eamica e profissional da Engenharia de Produ\u00e7\u00e3o.<\/p>\n\n\n\n<p><\/p>\n","protected":false},"excerpt":{"rendered":"<p>\ud83d\udce2 Oportunidade Acad\u00eamica \u2013 Professor Efetivo em Engenharia de Produ\u00e7\u00e3o (UFPB) A Universidade Federal da Para\u00edba (UFPB), por meio de edital p\u00fablico, est\u00e1 com concurso aberto para Professor do Magist\u00e9rio Superior (Edital n\u00ba 110\/2025 \u2013 PROGEP-DSP), para atua\u00e7\u00e3o no Departamento de Engenharia de Produ\u00e7\u00e3o, no Campus Jo\u00e3o Pessoa. Cargo:Professor Efetivo \u2013 Departamento de Engenharia de [&hellip;]<\/p>\n","protected":false},"author":1,"featured_media":6541,"comment_status":"open","ping_status":"open","sticky":false,"template":"","format":"standard","meta":{"footnotes":""},"categories":[6],"tags":[],"class_list":["post-6540","post","type-post","status-publish","format-standard","has-post-thumbnail","hentry","category-noticias"],"_links":{"self":[{"href":"https:\/\/portal.abepro.org.br\/abepro2025\/wp-json\/wp\/v2\/posts\/6540","targetHints":{"allow":["GET"]}}],"collection":[{"href":"https:\/\/portal.abepro.org.br\/abepro2025\/wp-json\/wp\/v2\/posts"}],"about":[{"href":"https:\/\/portal.abepro.org.br\/abepro2025\/wp-json\/wp\/v2\/types\/post"}],"author":[{"embeddable":true,"href":"https:\/\/portal.abepro.org.br\/abepro2025\/wp-json\/wp\/v2\/users\/1"}],"replies":[{"embeddable":true,"href":"https:\/\/portal.abepro.org.br\/abepro2025\/wp-json\/wp\/v2\/comments?post=6540"}],"version-history":[{"count":1,"href":"https:\/\/portal.abepro.org.br\/abepro2025\/wp-json\/wp\/v2\/posts\/6540\/revisions"}],"predecessor-version":[{"id":6542,"href":"https:\/\/portal.abepro.org.br\/abepro2025\/wp-json\/wp\/v2\/posts\/6540\/revisions\/6542"}],"wp:featuredmedia":[{"embeddable":true,"href":"https:\/\/portal.abepro.org.br\/abepro2025\/wp-json\/wp\/v2\/media\/6541"}],"wp:attachment":[{"href":"https:\/\/portal.abepro.org.br\/abepro2025\/wp-json\/wp\/v2\/media?parent=6540"}],"wp:term":[{"taxonomy":"category","embeddable":true,"href":"https:\/\/portal.abepro.org.br\/abepro2025\/wp-json\/wp\/v2\/categories?post=6540"},{"taxonomy":"post_tag","embeddable":true,"href":"https:\/\/portal.abepro.org.br\/abepro2025\/wp-json\/wp\/v2\/tags?post=6540"}],"curies":[{"name":"wp","href":"https:\/\/api.w.org\/{rel}","templated":true}]}}