{"id":6583,"date":"2026-02-10T18:03:09","date_gmt":"2026-02-10T18:03:09","guid":{"rendered":"https:\/\/portal.abepro.org.br\/abepro2025\/?p=6583"},"modified":"2026-02-10T18:19:29","modified_gmt":"2026-02-10T18:19:29","slug":"chamada-de-propostas-candidatura-de-cidade-sede-do-enegep-2027-e-2028-3","status":"publish","type":"post","link":"https:\/\/portal.abepro.org.br\/abepro2025\/chamada-de-propostas-candidatura-de-cidade-sede-do-enegep-2027-e-2028-3\/","title":{"rendered":"Chamada de Propostas \u2013 Candidatura de Cidade-Sede do ENEGEP (2027 e 2028)"},"content":{"rendered":"\n<p><br>As candidaturas devem ser enviadas\u00a0<strong>at\u00e9 10 de abril de 2026<\/strong> <em>(nova data)<\/em>.<br><br>As propostas devem ser encaminhadas em vers\u00e3o digital para: <strong>coordenacao@abepro.org.br<\/strong><\/p>\n\n\n\n<p><br>Assunto:\u00a0<em>\u201cCandidatura \u2013 Cidade X \u2013 ENEGEP \u2013 Edi\u00e7\u00e3o\u201d<\/em>\u00a0<\/p>\n\n\n\n<p><strong>Principais dados a serem considerados, citados:<\/strong><\/p>\n\n\n\n<ul class=\"wp-block-list\">\n<li>Estrutura da&nbsp;<strong>Comiss\u00e3o Organizadora<\/strong>, incluindo pap\u00e9is, experi\u00eancia e cartas de apoio institucional;<\/li>\n\n\n\n<li>Justificativa da&nbsp;<strong>cidade-sede<\/strong>, considerando log\u00edstica, mobilidade, capacidade hoteleira, acessibilidade e atrativos;<\/li>\n\n\n\n<li>Indica\u00e7\u00e3o de&nbsp;<strong>datas propostas<\/strong>, an\u00e1lise de calend\u00e1rio acad\u00eamico e estimativas de custos de viagem e hospedagem;<\/li>\n\n\n\n<li>Descri\u00e7\u00e3o do&nbsp;<strong>local do evento<\/strong>, incluindo plantas, fotos, infraestrutura necess\u00e1ria e carta de cess\u00e3o n\u00e3o onerosa;<\/li>\n\n\n\n<li>Plano de&nbsp;<strong>integra\u00e7\u00e3o com ind\u00fastria, governo e organiza\u00e7\u00f5es<\/strong>, al\u00e9m de cartas de apoio e potenciais parcerias;<\/li>\n\n\n\n<li>Informa\u00e7\u00f5es sobre&nbsp;<strong>infraestrutura, fornecedores<\/strong>&nbsp;e custos envolvidos.&nbsp;<br><\/li>\n<\/ul>\n\n\n\n<p><strong>O documento completo com todas as diretrizes: <a href=\"https:\/\/portal.abepro.org.br\/abepro2025\/wp-content\/uploads\/2025\/12\/Guia-consolidado-para-Candidatura-ao-ENEGEP-2027-e-2028_Chamada-em-2025.pdf\" data-type=\"link\" data-id=\"https:\/\/portal.abepro.org.br\/abepro2025\/wp-content\/uploads\/2025\/12\/Guia-consolidado-para-Candidatura-ao-ENEGEP-2027-e-2028_Chamada-em-2025.pdf\" target=\"_blank\" rel=\"noreferrer noopener\">clique aqui<\/a><\/strong><br><\/p>\n\n\n\n<p>Em caso de d\u00favidas, nossa equipe est\u00e1 dispon\u00edvel pelo e-mail:<br><strong>coordenacao@abepro.org.br<\/strong><\/p>\n\n\n\n<p>Contamos com sua participa\u00e7\u00e3o para fortalecer ainda mais a Engenharia de Produ\u00e7\u00e3o e construir edi\u00e7\u00f5es memor\u00e1veis do ENEGEP.<br><\/p>\n\n\n\n<p>Atenciosamente,<br><strong>Diretoria da ABEPRO<\/strong><br>Gest\u00e3o 2026\u20132027<\/p>\n","protected":false},"excerpt":{"rendered":"<p>As candidaturas devem ser enviadas\u00a0at\u00e9 10 de abril de 2026 (nova data). As propostas devem ser encaminhadas em vers\u00e3o digital para: coordenacao@abepro.org.br Assunto:\u00a0\u201cCandidatura \u2013 Cidade X \u2013 ENEGEP \u2013 Edi\u00e7\u00e3o\u201d\u00a0 Principais dados a serem considerados, citados: O documento completo com todas as diretrizes: clique aqui Em caso de d\u00favidas, nossa equipe est\u00e1 dispon\u00edvel pelo e-mail:coordenacao@abepro.org.br [&hellip;]<\/p>\n","protected":false},"author":1,"featured_media":6586,"comment_status":"open","ping_status":"open","sticky":false,"template":"","format":"standard","meta":{"footnotes":""},"categories":[6],"tags":[],"class_list":["post-6583","post","type-post","status-publish","format-standard","has-post-thumbnail","hentry","category-noticias"],"_links":{"self":[{"href":"https:\/\/portal.abepro.org.br\/abepro2025\/wp-json\/wp\/v2\/posts\/6583","targetHints":{"allow":["GET"]}}],"collection":[{"href":"https:\/\/portal.abepro.org.br\/abepro2025\/wp-json\/wp\/v2\/posts"}],"about":[{"href":"https:\/\/portal.abepro.org.br\/abepro2025\/wp-json\/wp\/v2\/types\/post"}],"author":[{"embeddable":true,"href":"https:\/\/portal.abepro.org.br\/abepro2025\/wp-json\/wp\/v2\/users\/1"}],"replies":[{"embeddable":true,"href":"https:\/\/portal.abepro.org.br\/abepro2025\/wp-json\/wp\/v2\/comments?post=6583"}],"version-history":[{"count":1,"href":"https:\/\/portal.abepro.org.br\/abepro2025\/wp-json\/wp\/v2\/posts\/6583\/revisions"}],"predecessor-version":[{"id":6584,"href":"https:\/\/portal.abepro.org.br\/abepro2025\/wp-json\/wp\/v2\/posts\/6583\/revisions\/6584"}],"wp:featuredmedia":[{"embeddable":true,"href":"https:\/\/portal.abepro.org.br\/abepro2025\/wp-json\/wp\/v2\/media\/6586"}],"wp:attachment":[{"href":"https:\/\/portal.abepro.org.br\/abepro2025\/wp-json\/wp\/v2\/media?parent=6583"}],"wp:term":[{"taxonomy":"category","embeddable":true,"href":"https:\/\/portal.abepro.org.br\/abepro2025\/wp-json\/wp\/v2\/categories?post=6583"},{"taxonomy":"post_tag","embeddable":true,"href":"https:\/\/portal.abepro.org.br\/abepro2025\/wp-json\/wp\/v2\/tags?post=6583"}],"curies":[{"name":"wp","href":"https:\/\/api.w.org\/{rel}","templated":true}]}}