{"id":6590,"date":"2026-02-13T14:41:54","date_gmt":"2026-02-13T14:41:54","guid":{"rendered":"https:\/\/portal.abepro.org.br\/abepro2025\/?p=6590"},"modified":"2026-02-13T14:41:54","modified_gmt":"2026-02-13T14:41:54","slug":"unesp-itapeva","status":"publish","type":"post","link":"https:\/\/portal.abepro.org.br\/abepro2025\/unesp-itapeva\/","title":{"rendered":"Unesp &#8211; Itapeva"},"content":{"rendered":"\n<p>\ud83d\udce2 <strong>EDITAL N\u00ba 08\/2026 \u2013 ICE | Professor Assistente (RDIDP)<\/strong><\/p>\n\n\n\n<p>Est\u00e3o abertas as inscri\u00e7\u00f5es para o concurso p\u00fablico de <strong>T\u00edtulos e Provas<\/strong> destinado ao provimento de <strong>01 (uma) vaga para Professor Assistente<\/strong>, com titula\u00e7\u00e3o m\u00ednima de <strong>Doutor<\/strong>, em <strong>Regime de Dedica\u00e7\u00e3o Integral \u00e0 Doc\u00eancia e \u00e0 Pesquisa (RDIDP)<\/strong>, sob regime jur\u00eddico efetivo.<\/p>\n\n\n\n<p>A vaga \u00e9 para a \u00e1rea de <strong>Engenharia de Produ\u00e7\u00e3o<\/strong>, junto ao <strong>Departamento de Engenharia do Instituto de Ci\u00eancias e Engenharia (ICE) do C\u00e2mpus de Itapeva da UNESP<\/strong>.<\/p>\n\n\n\n<p>O concurso \u00e9 regido pelo Estatuto e Regimento Geral da Universidade Estadual Paulista \u201cJ\u00falio de Mesquita Filho\u201d, pela Resolu\u00e7\u00e3o UNESP n\u00ba 17\/2023 e suas altera\u00e7\u00f5es, conforme Despacho n\u00ba 600\/2025-RUNESP (publicado em 03\/12\/2025).<\/p>\n\n\n\n<p>\ud83d\uddd3 <strong>Per\u00edodo de inscri\u00e7\u00f5es:<\/strong><br>09\/02\/2026 at\u00e9 10\/04\/2026, \u00e0s 17h (hor\u00e1rio de Bras\u00edlia)<\/p>\n\n\n\n<p>\ud83d\udcb0 <strong>Valor da inscri\u00e7\u00e3o:<\/strong> R$ 286,00<br>\ud83d\udccc <strong>N\u00famero de vagas:<\/strong> 1<\/p>\n\n\n\n<p>\ud83d\udce7 <strong>Contato:<\/strong> <a>rh.itapeva@unesp.br<\/a><br>\ud83d\udcde <strong>Telefone:<\/strong> (15) 3524-9100 \u2013 ramais 9148 ou 9119<\/p>\n\n\n\n<p>A inscri\u00e7\u00e3o implicar\u00e1 na plena ci\u00eancia e aceita\u00e7\u00e3o das normas e condi\u00e7\u00f5es estabelecidas no Edital.<\/p>\n","protected":false},"excerpt":{"rendered":"<p>\ud83d\udce2 EDITAL N\u00ba 08\/2026 \u2013 ICE | Professor Assistente (RDIDP) Est\u00e3o abertas as inscri\u00e7\u00f5es para o concurso p\u00fablico de T\u00edtulos e Provas destinado ao provimento de 01 (uma) vaga para Professor Assistente, com titula\u00e7\u00e3o m\u00ednima de Doutor, em Regime de Dedica\u00e7\u00e3o Integral \u00e0 Doc\u00eancia e \u00e0 Pesquisa (RDIDP), sob regime jur\u00eddico efetivo. A vaga \u00e9 [&hellip;]<\/p>\n","protected":false},"author":1,"featured_media":6591,"comment_status":"open","ping_status":"open","sticky":false,"template":"","format":"standard","meta":{"footnotes":""},"categories":[6],"tags":[],"class_list":["post-6590","post","type-post","status-publish","format-standard","has-post-thumbnail","hentry","category-noticias"],"_links":{"self":[{"href":"https:\/\/portal.abepro.org.br\/abepro2025\/wp-json\/wp\/v2\/posts\/6590","targetHints":{"allow":["GET"]}}],"collection":[{"href":"https:\/\/portal.abepro.org.br\/abepro2025\/wp-json\/wp\/v2\/posts"}],"about":[{"href":"https:\/\/portal.abepro.org.br\/abepro2025\/wp-json\/wp\/v2\/types\/post"}],"author":[{"embeddable":true,"href":"https:\/\/portal.abepro.org.br\/abepro2025\/wp-json\/wp\/v2\/users\/1"}],"replies":[{"embeddable":true,"href":"https:\/\/portal.abepro.org.br\/abepro2025\/wp-json\/wp\/v2\/comments?post=6590"}],"version-history":[{"count":1,"href":"https:\/\/portal.abepro.org.br\/abepro2025\/wp-json\/wp\/v2\/posts\/6590\/revisions"}],"predecessor-version":[{"id":6592,"href":"https:\/\/portal.abepro.org.br\/abepro2025\/wp-json\/wp\/v2\/posts\/6590\/revisions\/6592"}],"wp:featuredmedia":[{"embeddable":true,"href":"https:\/\/portal.abepro.org.br\/abepro2025\/wp-json\/wp\/v2\/media\/6591"}],"wp:attachment":[{"href":"https:\/\/portal.abepro.org.br\/abepro2025\/wp-json\/wp\/v2\/media?parent=6590"}],"wp:term":[{"taxonomy":"category","embeddable":true,"href":"https:\/\/portal.abepro.org.br\/abepro2025\/wp-json\/wp\/v2\/categories?post=6590"},{"taxonomy":"post_tag","embeddable":true,"href":"https:\/\/portal.abepro.org.br\/abepro2025\/wp-json\/wp\/v2\/tags?post=6590"}],"curies":[{"name":"wp","href":"https:\/\/api.w.org\/{rel}","templated":true}]}}