{"id":6593,"date":"2026-02-13T14:54:29","date_gmt":"2026-02-13T14:54:29","guid":{"rendered":"https:\/\/portal.abepro.org.br\/abepro2025\/?p=6593"},"modified":"2026-02-13T14:54:29","modified_gmt":"2026-02-13T14:54:29","slug":"processo-seletivo-mestrado-academico-em-engenharia-de-producao-ufabc","status":"publish","type":"post","link":"https:\/\/portal.abepro.org.br\/abepro2025\/processo-seletivo-mestrado-academico-em-engenharia-de-producao-ufabc\/","title":{"rendered":"Processo Seletivo \u2013 Mestrado Acad\u00eamico em Engenharia de Produ\u00e7\u00e3o | UFABC"},"content":{"rendered":"\n<p>O <strong>Programa de P\u00f3s-Gradua\u00e7\u00e3o em Engenharia de Produ\u00e7\u00e3o (PPGEPR)<\/strong> da <strong>Universidade Federal do ABC (UFABC)<\/strong> torna p\u00fablica a abertura das inscri\u00e7\u00f5es para o processo seletivo de candidatos ao <strong>Curso de Mestrado Acad\u00eamico (stricto sensu)<\/strong>.<\/p>\n\n\n\n<p>\ud83d\udcda <strong>In\u00edcio das aulas:<\/strong> segundo quadrimestre de 2026<\/p>\n\n\n\n<p>O edital estabelece as normas e os procedimentos para a sele\u00e7\u00e3o dos candidatos.<\/p>\n\n\n\n<p>\ud83d\uddd3 <strong>Prazo para inscri\u00e7\u00f5es:<\/strong> at\u00e9 19\/02<\/p>\n\n\n\n<p>\ud83d\udd0e <strong>Mais informa\u00e7\u00f5es e acesso ao edital:<\/strong><br><a href=\"https:\/\/sig.ufabc.edu.br\/sigaa\/public\/processo_seletivo\/lista.jsf?aba=p-processo&amp;nivel=S\">https:\/\/sig.ufabc.edu.br\/sigaa\/public\/processo_seletivo\/lista.jsf?aba=p-processo&amp;nivel=S<\/a><\/p>\n\n\n\n<p>N\u00e3o perca a oportunidade de ingressar em um programa de excel\u00eancia!<\/p>\n","protected":false},"excerpt":{"rendered":"<p>O Programa de P\u00f3s-Gradua\u00e7\u00e3o em Engenharia de Produ\u00e7\u00e3o (PPGEPR) da Universidade Federal do ABC (UFABC) torna p\u00fablica a abertura das inscri\u00e7\u00f5es para o processo seletivo de candidatos ao Curso de Mestrado Acad\u00eamico (stricto sensu). \ud83d\udcda In\u00edcio das aulas: segundo quadrimestre de 2026 O edital estabelece as normas e os procedimentos para a sele\u00e7\u00e3o dos candidatos. [&hellip;]<\/p>\n","protected":false},"author":1,"featured_media":6594,"comment_status":"open","ping_status":"open","sticky":false,"template":"","format":"standard","meta":{"footnotes":""},"categories":[6],"tags":[],"class_list":["post-6593","post","type-post","status-publish","format-standard","has-post-thumbnail","hentry","category-noticias"],"_links":{"self":[{"href":"https:\/\/portal.abepro.org.br\/abepro2025\/wp-json\/wp\/v2\/posts\/6593","targetHints":{"allow":["GET"]}}],"collection":[{"href":"https:\/\/portal.abepro.org.br\/abepro2025\/wp-json\/wp\/v2\/posts"}],"about":[{"href":"https:\/\/portal.abepro.org.br\/abepro2025\/wp-json\/wp\/v2\/types\/post"}],"author":[{"embeddable":true,"href":"https:\/\/portal.abepro.org.br\/abepro2025\/wp-json\/wp\/v2\/users\/1"}],"replies":[{"embeddable":true,"href":"https:\/\/portal.abepro.org.br\/abepro2025\/wp-json\/wp\/v2\/comments?post=6593"}],"version-history":[{"count":1,"href":"https:\/\/portal.abepro.org.br\/abepro2025\/wp-json\/wp\/v2\/posts\/6593\/revisions"}],"predecessor-version":[{"id":6595,"href":"https:\/\/portal.abepro.org.br\/abepro2025\/wp-json\/wp\/v2\/posts\/6593\/revisions\/6595"}],"wp:featuredmedia":[{"embeddable":true,"href":"https:\/\/portal.abepro.org.br\/abepro2025\/wp-json\/wp\/v2\/media\/6594"}],"wp:attachment":[{"href":"https:\/\/portal.abepro.org.br\/abepro2025\/wp-json\/wp\/v2\/media?parent=6593"}],"wp:term":[{"taxonomy":"category","embeddable":true,"href":"https:\/\/portal.abepro.org.br\/abepro2025\/wp-json\/wp\/v2\/categories?post=6593"},{"taxonomy":"post_tag","embeddable":true,"href":"https:\/\/portal.abepro.org.br\/abepro2025\/wp-json\/wp\/v2\/tags?post=6593"}],"curies":[{"name":"wp","href":"https:\/\/api.w.org\/{rel}","templated":true}]}}