{"id":6763,"date":"2026-04-17T13:48:29","date_gmt":"2026-04-17T13:48:29","guid":{"rendered":"https:\/\/portal.abepro.org.br\/abepro2025\/?p=6763"},"modified":"2026-04-17T13:48:29","modified_gmt":"2026-04-17T13:48:29","slug":"6a-edicao-da-newsletter-abepro-jovem","status":"publish","type":"post","link":"https:\/\/portal.abepro.org.br\/abepro2025\/6a-edicao-da-newsletter-abepro-jovem\/","title":{"rendered":"6\u00aa Edi\u00e7\u00e3o da Newsletter &#8211; ABEPRO Jovem"},"content":{"rendered":"\n<p>\u00c9 com grande satisfa\u00e7\u00e3o que apresentamos a <strong>Sexta Edi\u00e7\u00e3o <\/strong>da <strong>Newsletter ABEPRO Jovem<\/strong>, referente ao m\u00eas de <strong>abril de 2026<\/strong>, elaborada pela <strong>assessora de Comunica\u00e7\u00e3o Jasminy Eliza e pelo assessor de N\u00facleos Rikelme Brito, da Gest\u00e3o ABEPRO Jovem 2026.<\/strong><br><\/p>\n\n\n\n<p>Esta edi\u00e7\u00e3o marca a continuidade de um projeto iniciado na gest\u00e3o 2025 e que seguimos fortalecendo por reconhecer sua relev\u00e2ncia e contribui\u00e7\u00e3o para a nossa comunidade. Em cada edi\u00e7\u00e3o, reafirmamos nosso compromisso com o fortalecimento da rede estudantil, o compartilhamento de avan\u00e7os relevantes na Engenharia de Produ\u00e7\u00e3o e o registro dos principais acontecimentos que envolvem a comunidade ABJ &#8211; promovendo comunica\u00e7\u00e3o, engajamento e pertencimento.<br><\/p>\n\n\n\n<p>Convidamos todos os estudantes, representantes e parceiros da \u00e1rea a acessarem a publica\u00e7\u00e3o completa e acompanharem os projetos, eventos e iniciativas que marcam a nossa trajet\u00f3ria em 2026.<br>Boa leitura! \ud83d\ude0a<br><br>\ud83d\udd17 <a href=\"https:\/\/portal.abepro.org.br\/abepro2025\/wp-content\/uploads\/2026\/04\/1\u00b0-Newsletter-ABJ-2026.pdf\">Sexta Edi\u00e7\u00e3o &#8211; Newsletter<\/a><\/p>\n\n\n\n<figure class=\"wp-block-image size-large\"><img fetchpriority=\"high\" decoding=\"async\" width=\"724\" height=\"1024\" src=\"https:\/\/portal.abepro.org.br\/abepro2025\/wp-content\/uploads\/2026\/04\/capo-01-c-imagem-1-724x1024.png\" alt=\"\" class=\"wp-image-6770\" srcset=\"https:\/\/portal.abepro.org.br\/abepro2025\/wp-content\/uploads\/2026\/04\/capo-01-c-imagem-1-724x1024.png 724w, https:\/\/portal.abepro.org.br\/abepro2025\/wp-content\/uploads\/2026\/04\/capo-01-c-imagem-1-212x300.png 212w, https:\/\/portal.abepro.org.br\/abepro2025\/wp-content\/uploads\/2026\/04\/capo-01-c-imagem-1-768x1086.png 768w, https:\/\/portal.abepro.org.br\/abepro2025\/wp-content\/uploads\/2026\/04\/capo-01-c-imagem-1-1086x1536.png 1086w, https:\/\/portal.abepro.org.br\/abepro2025\/wp-content\/uploads\/2026\/04\/capo-01-c-imagem-1.png 1414w\" sizes=\"(max-width: 724px) 100vw, 724px\" \/><\/figure>\n","protected":false},"excerpt":{"rendered":"<p>\u00c9 com grande satisfa\u00e7\u00e3o que apresentamos a Sexta Edi\u00e7\u00e3o da Newsletter ABEPRO Jovem, referente ao m\u00eas de abril de 2026, elaborada pela assessora de Comunica\u00e7\u00e3o Jasminy Eliza e pelo assessor de N\u00facleos Rikelme Brito, da Gest\u00e3o ABEPRO Jovem 2026. Esta edi\u00e7\u00e3o marca a continuidade de um projeto iniciado na gest\u00e3o 2025 e que seguimos fortalecendo [&hellip;]<\/p>\n","protected":false},"author":1,"featured_media":6771,"comment_status":"open","ping_status":"open","sticky":false,"template":"","format":"standard","meta":{"footnotes":""},"categories":[11],"tags":[],"class_list":["post-6763","post","type-post","status-publish","format-standard","has-post-thumbnail","hentry","category-abj"],"_links":{"self":[{"href":"https:\/\/portal.abepro.org.br\/abepro2025\/wp-json\/wp\/v2\/posts\/6763","targetHints":{"allow":["GET"]}}],"collection":[{"href":"https:\/\/portal.abepro.org.br\/abepro2025\/wp-json\/wp\/v2\/posts"}],"about":[{"href":"https:\/\/portal.abepro.org.br\/abepro2025\/wp-json\/wp\/v2\/types\/post"}],"author":[{"embeddable":true,"href":"https:\/\/portal.abepro.org.br\/abepro2025\/wp-json\/wp\/v2\/users\/1"}],"replies":[{"embeddable":true,"href":"https:\/\/portal.abepro.org.br\/abepro2025\/wp-json\/wp\/v2\/comments?post=6763"}],"version-history":[{"count":1,"href":"https:\/\/portal.abepro.org.br\/abepro2025\/wp-json\/wp\/v2\/posts\/6763\/revisions"}],"predecessor-version":[{"id":6772,"href":"https:\/\/portal.abepro.org.br\/abepro2025\/wp-json\/wp\/v2\/posts\/6763\/revisions\/6772"}],"wp:featuredmedia":[{"embeddable":true,"href":"https:\/\/portal.abepro.org.br\/abepro2025\/wp-json\/wp\/v2\/media\/6771"}],"wp:attachment":[{"href":"https:\/\/portal.abepro.org.br\/abepro2025\/wp-json\/wp\/v2\/media?parent=6763"}],"wp:term":[{"taxonomy":"category","embeddable":true,"href":"https:\/\/portal.abepro.org.br\/abepro2025\/wp-json\/wp\/v2\/categories?post=6763"},{"taxonomy":"post_tag","embeddable":true,"href":"https:\/\/portal.abepro.org.br\/abepro2025\/wp-json\/wp\/v2\/tags?post=6763"}],"curies":[{"name":"wp","href":"https:\/\/api.w.org\/{rel}","templated":true}]}}