{"id":6882,"date":"2026-08-17T15:42:02","date_gmt":"2026-08-17T15:42:02","guid":{"rendered":"https:\/\/portal.abepro.org.br\/abepro2025\/?p=6882"},"modified":"2026-08-17T15:42:02","modified_gmt":"2026-08-17T15:42:02","slug":"10a-edicao-da-newsletter-abepro-jovem","status":"publish","type":"post","link":"https:\/\/portal.abepro.org.br\/abepro2025\/10a-edicao-da-newsletter-abepro-jovem\/","title":{"rendered":"10\u00aa Edi\u00e7\u00e3o da Newsletter &#8211; ABEPRO Jovem"},"content":{"rendered":"\n<p class=\"wp-block-paragraph\">\u00c9 com grande satisfa\u00e7\u00e3o que apresentamos a <strong>D\u00e9cima Edi\u00e7\u00e3o <\/strong>da <strong>Newsletter ABEPRO Jovem<\/strong>, referente ao m\u00eas de <strong>agosto de 2026<\/strong>, elaborada pelo <strong>Representante Estadual do Piau\u00ed, Jos\u00e9 Neto, da Gest\u00e3o ABEPRO Jovem 2026.<\/strong><br><br>Convidamos todos os estudantes, representantes e parceiros da \u00e1rea a acessarem a publica\u00e7\u00e3o completa e acompanharem os projetos, eventos e iniciativas que marcaram a nossa trajet\u00f3ria no durante o \u00faltimo m\u00eas.<br>Boa leitura! \ud83d\ude0a<br><br>\ud83d\udd17 <a href=\"https:\/\/portal.abepro.org.br\/abepro2025\/wp-content\/uploads\/2026\/08\/10a-Newsletter-ABJ-2026.pdf\" data-type=\"attachment\" data-id=\"6884\">D\u00e9cima Edi\u00e7\u00e3o &#8211; Newsletter<\/a><\/p>\n\n\n\n<figure class=\"wp-block-image size-large is-resized\"><img fetchpriority=\"high\" decoding=\"async\" width=\"724\" height=\"1024\" src=\"https:\/\/portal.abepro.org.br\/abepro2025\/wp-content\/uploads\/2026\/08\/capo-01-c-imagem-7-724x1024.png\" alt=\"\" class=\"wp-image-6885\" style=\"aspect-ratio:0.707037568285165;width:665px;height:auto\" srcset=\"https:\/\/portal.abepro.org.br\/abepro2025\/wp-content\/uploads\/2026\/08\/capo-01-c-imagem-7-724x1024.png 724w, https:\/\/portal.abepro.org.br\/abepro2025\/wp-content\/uploads\/2026\/08\/capo-01-c-imagem-7-212x300.png 212w, https:\/\/portal.abepro.org.br\/abepro2025\/wp-content\/uploads\/2026\/08\/capo-01-c-imagem-7-768x1086.png 768w, https:\/\/portal.abepro.org.br\/abepro2025\/wp-content\/uploads\/2026\/08\/capo-01-c-imagem-7-1086x1536.png 1086w, https:\/\/portal.abepro.org.br\/abepro2025\/wp-content\/uploads\/2026\/08\/capo-01-c-imagem-7.png 1414w\" sizes=\"(max-width: 724px) 100vw, 724px\" \/><\/figure>\n","protected":false},"excerpt":{"rendered":"<p>\u00c9 com grande satisfa\u00e7\u00e3o que apresentamos a D\u00e9cima Edi\u00e7\u00e3o da Newsletter ABEPRO Jovem, referente ao m\u00eas de agosto de 2026, elaborada pelo Representante Estadual do Piau\u00ed, Jos\u00e9 Neto, da Gest\u00e3o ABEPRO Jovem 2026. Convidamos todos os estudantes, representantes e parceiros da \u00e1rea a acessarem a publica\u00e7\u00e3o completa e acompanharem os projetos, eventos e iniciativas que [&hellip;]<\/p>\n","protected":false},"author":1,"featured_media":6887,"comment_status":"open","ping_status":"open","sticky":false,"template":"","format":"standard","meta":{"footnotes":""},"categories":[11],"tags":[],"class_list":["post-6882","post","type-post","status-publish","format-standard","has-post-thumbnail","hentry","category-abj"],"_links":{"self":[{"href":"https:\/\/portal.abepro.org.br\/abepro2025\/wp-json\/wp\/v2\/posts\/6882","targetHints":{"allow":["GET"]}}],"collection":[{"href":"https:\/\/portal.abepro.org.br\/abepro2025\/wp-json\/wp\/v2\/posts"}],"about":[{"href":"https:\/\/portal.abepro.org.br\/abepro2025\/wp-json\/wp\/v2\/types\/post"}],"author":[{"embeddable":true,"href":"https:\/\/portal.abepro.org.br\/abepro2025\/wp-json\/wp\/v2\/users\/1"}],"replies":[{"embeddable":true,"href":"https:\/\/portal.abepro.org.br\/abepro2025\/wp-json\/wp\/v2\/comments?post=6882"}],"version-history":[{"count":2,"href":"https:\/\/portal.abepro.org.br\/abepro2025\/wp-json\/wp\/v2\/posts\/6882\/revisions"}],"predecessor-version":[{"id":6886,"href":"https:\/\/portal.abepro.org.br\/abepro2025\/wp-json\/wp\/v2\/posts\/6882\/revisions\/6886"}],"wp:featuredmedia":[{"embeddable":true,"href":"https:\/\/portal.abepro.org.br\/abepro2025\/wp-json\/wp\/v2\/media\/6887"}],"wp:attachment":[{"href":"https:\/\/portal.abepro.org.br\/abepro2025\/wp-json\/wp\/v2\/media?parent=6882"}],"wp:term":[{"taxonomy":"category","embeddable":true,"href":"https:\/\/portal.abepro.org.br\/abepro2025\/wp-json\/wp\/v2\/categories?post=6882"},{"taxonomy":"post_tag","embeddable":true,"href":"https:\/\/portal.abepro.org.br\/abepro2025\/wp-json\/wp\/v2\/tags?post=6882"}],"curies":[{"name":"wp","href":"https:\/\/api.w.org\/{rel}","templated":true}]}}