{"id":6893,"date":"2026-08-31T20:06:21","date_gmt":"2026-08-31T20:06:21","guid":{"rendered":"https:\/\/portal.abepro.org.br\/abepro2025\/?p=6893"},"modified":"2026-08-31T20:20:11","modified_gmt":"2026-08-31T20:20:11","slug":"edital-de-convocacao-de-assembleia-geral-extraordinaria-associacao-brasileira-de-engenharia-de-producao-abepro","status":"publish","type":"post","link":"https:\/\/portal.abepro.org.br\/abepro2025\/edital-de-convocacao-de-assembleia-geral-extraordinaria-associacao-brasileira-de-engenharia-de-producao-abepro\/","title":{"rendered":"EDITAL DE CONVOCA\u00c7\u00c3O DE ASSEMBLEIA GERAL EXTRAORDIN\u00c1RIA ASSOCIA\u00c7\u00c3O BRASILEIRA DE ENGENHARIA DE PRODU\u00c7\u00c3O (ABEPRO)"},"content":{"rendered":"\n<p class=\"wp-block-paragraph\">O Presidente da ASSOCIA\u00c7\u00c3O BRASILEIRA DE ENGENHARIA DE PRODU\u00c7\u00c3O (ABEPRO), no uso de suas atribui\u00e7\u00f5es estatut\u00e1rias que lhe conferem os Artigos 8\u00ba e 11, inciso III, e com fundamento no Artigo 7\u00ba, inciso V, e Artigo 8\u00ba, \u00a7 2\u00ba do Estatuto Social, CONVOCA todos os associados em dia com suas obriga\u00e7\u00f5es sociais a se reunirem em ASSEMBLEIA GERAL EXTRAORDIN\u00c1RIA, a ser realizada no dia, hor\u00e1rio e condi\u00e7\u00f5es abaixo discriminados:<\/p>\n\n\n\n<p class=\"wp-block-paragraph\"><strong>DADOS DA REUNI\u00c3O<\/strong><\/p>\n\n\n\n<ol class=\"wp-block-list\"><\/ol>\n\n\n\n<ol class=\"wp-block-list\"><\/ol>\n\n\n\n<p class=\"wp-block-paragraph\">Data: 15 de setembro de 2026<\/p>\n\n\n\n<p class=\"wp-block-paragraph\">Hor\u00e1rio: 17h \u2013 Primeira convoca\u00e7\u00e3o; 17h30 \u2013 Segunda e \u00faltima convoca\u00e7\u00e3o (com qualquer n\u00famero de associados presentes).<\/p>\n\n\n\n<p class=\"wp-block-paragraph\">Formato: Sess\u00e3o Virtual.<\/p>\n\n\n\n<p class=\"wp-block-paragraph\">Link: dispon\u00edvel via e-mail<\/p>\n\n\n\n<p class=\"wp-block-paragraph\"><strong>PAUTA \u00daNICA DE DELIBERA\u00c7\u00c3O<\/strong><\/p>\n\n\n\n<p class=\"wp-block-paragraph\">Ajuste do Estatuto Social da ABEPRO para atender a demandas de credenciamento e regulamenta\u00e7\u00e3o no CDEN\/CONFEA.<\/p>\n\n\n\n<div class=\"wp-block-group is-vertical is-layout-flex wp-container-core-group-is-layout-2c90304e wp-block-group-is-layout-flex\">\n<p class=\"wp-block-paragraph\">Carlos Eduardo Sanches da Silva<\/p>\n\n\n\n<p class=\"wp-block-paragraph\">Presidente da ABEPRO<\/p>\n\n\n\n<p class=\"wp-block-paragraph\">Associa\u00e7\u00e3o Brasileira de Engenharia de Produ\u00e7\u00e3o<\/p>\n<\/div>\n\n\n\n<p class=\"wp-block-paragraph\"><\/p>\n","protected":false},"excerpt":{"rendered":"<p>O Presidente da ASSOCIA\u00c7\u00c3O BRASILEIRA DE ENGENHARIA DE PRODU\u00c7\u00c3O (ABEPRO), no uso de suas atribui\u00e7\u00f5es estatut\u00e1rias que lhe conferem os Artigos 8\u00ba e 11, inciso III, e com fundamento no Artigo 7\u00ba, inciso V, e Artigo 8\u00ba, \u00a7 2\u00ba do Estatuto Social, CONVOCA todos os associados em dia com suas obriga\u00e7\u00f5es sociais a se reunirem [&hellip;]<\/p>\n","protected":false},"author":1,"featured_media":6894,"comment_status":"open","ping_status":"open","sticky":false,"template":"","format":"standard","meta":{"footnotes":""},"categories":[6],"tags":[],"class_list":["post-6893","post","type-post","status-publish","format-standard","has-post-thumbnail","hentry","category-noticias"],"_links":{"self":[{"href":"https:\/\/portal.abepro.org.br\/abepro2025\/wp-json\/wp\/v2\/posts\/6893","targetHints":{"allow":["GET"]}}],"collection":[{"href":"https:\/\/portal.abepro.org.br\/abepro2025\/wp-json\/wp\/v2\/posts"}],"about":[{"href":"https:\/\/portal.abepro.org.br\/abepro2025\/wp-json\/wp\/v2\/types\/post"}],"author":[{"embeddable":true,"href":"https:\/\/portal.abepro.org.br\/abepro2025\/wp-json\/wp\/v2\/users\/1"}],"replies":[{"embeddable":true,"href":"https:\/\/portal.abepro.org.br\/abepro2025\/wp-json\/wp\/v2\/comments?post=6893"}],"version-history":[{"count":2,"href":"https:\/\/portal.abepro.org.br\/abepro2025\/wp-json\/wp\/v2\/posts\/6893\/revisions"}],"predecessor-version":[{"id":6896,"href":"https:\/\/portal.abepro.org.br\/abepro2025\/wp-json\/wp\/v2\/posts\/6893\/revisions\/6896"}],"wp:featuredmedia":[{"embeddable":true,"href":"https:\/\/portal.abepro.org.br\/abepro2025\/wp-json\/wp\/v2\/media\/6894"}],"wp:attachment":[{"href":"https:\/\/portal.abepro.org.br\/abepro2025\/wp-json\/wp\/v2\/media?parent=6893"}],"wp:term":[{"taxonomy":"category","embeddable":true,"href":"https:\/\/portal.abepro.org.br\/abepro2025\/wp-json\/wp\/v2\/categories?post=6893"},{"taxonomy":"post_tag","embeddable":true,"href":"https:\/\/portal.abepro.org.br\/abepro2025\/wp-json\/wp\/v2\/tags?post=6893"}],"curies":[{"name":"wp","href":"https:\/\/api.w.org\/{rel}","templated":true}]}}