{"id":6897,"date":"2026-09-03T13:03:30","date_gmt":"2026-09-03T13:03:30","guid":{"rendered":"https:\/\/portal.abepro.org.br\/abepro2025\/?p=6897"},"modified":"2026-09-03T13:03:30","modified_gmt":"2026-09-03T13:03:30","slug":"how-should-workers-be-prepared-for-industry-4-0-antecedents-of-employee-readiness-for-digital-transformation","status":"publish","type":"post","link":"https:\/\/portal.abepro.org.br\/abepro2025\/how-should-workers-be-prepared-for-industry-4-0-antecedents-of-employee-readiness-for-digital-transformation\/","title":{"rendered":"How should workers be prepared for Industry 4.0? Antecedents of employee readiness for digital transformation"},"content":{"rendered":"\n<p class=\"wp-block-paragraph\">DOI: <a href=\"https:\/\/doi.org\/10.1016\/j.seps.2026.102538\">https:\/\/doi.org\/10.1016\/j.seps.2026.102538<\/a><\/p>\n\n\n\n<p class=\"wp-block-paragraph\"><em>A associada <\/em>Carla Diniz Silva<em> compartilha com a comunidade a seguinte publica\u00e7\u00e3o.<\/em><\/p>\n\n\n\n<p class=\"wp-block-paragraph\">Autores: J\u00falia Fernandes Sant&#8217; Ana<sup>1,*<\/sup><a href=\"mailto:julia.fernandes@pep.ufrj.br\"><\/a>,Lino Guimar\u00e3es Marujo<sup>1 <\/sup><a href=\"mailto:lino@pep.ufrj.br\"><\/a>e Carlos Eduardo Durange de Carvalho Infante<sup>2<\/sup><a href=\"mailto:prof.eduinfante@ufsj.edu.br\"><\/a><\/p>\n\n\n\n<h3 id=\"html-abstract-title\" class=\"wp-block-heading\"><mark style=\"background-color:rgba(0, 0, 0, 0)\" class=\"has-inline-color has-black-color\">Resumo<\/mark><\/h3>\n\n\n\n<p class=\"wp-block-paragraph\">This study develops a conceptual framework to identify the antecedents of employee readiness for digital transformation within the context of Industry 4.0. Drawing on theories of Change Management and Information Systems, it addresses a critical conceptual gap by shifting the analytical focus from organizational readiness and technological maturity to individual-level preparedness. A systematic literature review was conducted using the Web of Science and Scopus databases, resulting in the analysis of 434 studies published between 2017 and 2023. The review reveals that employee readiness remains underexplored, with existing models predominantly emphasizing technological, structural, and organizational dimensions while neglecting human and social factors. Five antecedents of employee readiness were identified: new business models and processes, awareness, supportive leadership, digital inclusion, and digital skills. Each construct was mapped to observable variables, yielding a testable conceptual framework with research propositions. This study represents the first integrative attempt to conceptualize employee readiness for Industry 4.0\u202fat the individual level, offering a theoretical foundation for future empirical research. From a practical and socio-economic planning perspective, the framework guides organizations and policymakers seeking to foster workforce preparedness and mitigate digital transformation-related labor-market risks.<\/p>\n\n\n\n<h2 class=\"wp-block-heading\">Keywords<\/h2>\n\n\n\n<p class=\"wp-block-paragraph\">Change management;\u00a0Digital transformation;\u00a0Employee readiness;\u00a0Human factors;\u00a0Industry 4.0;\u00a0Systematic literature review<\/p>\n","protected":false},"excerpt":{"rendered":"<p>DOI: https:\/\/doi.org\/10.1016\/j.seps.2026.102538 A associada Carla Diniz Silva compartilha com a comunidade a seguinte publica\u00e7\u00e3o. Autores: J\u00falia Fernandes Sant&#8217; Ana1,*,Lino Guimar\u00e3es Marujo1 e Carlos Eduardo Durange de Carvalho Infante2 Resumo This study develops a conceptual framework to identify the antecedents of employee readiness for digital transformation within the context of Industry 4.0. Drawing on theories of [&hellip;]<\/p>\n","protected":false},"author":1,"featured_media":6902,"comment_status":"open","ping_status":"open","sticky":false,"template":"","format":"standard","meta":{"footnotes":""},"categories":[6],"tags":[],"class_list":["post-6897","post","type-post","status-publish","format-standard","has-post-thumbnail","hentry","category-noticias"],"_links":{"self":[{"href":"https:\/\/portal.abepro.org.br\/abepro2025\/wp-json\/wp\/v2\/posts\/6897","targetHints":{"allow":["GET"]}}],"collection":[{"href":"https:\/\/portal.abepro.org.br\/abepro2025\/wp-json\/wp\/v2\/posts"}],"about":[{"href":"https:\/\/portal.abepro.org.br\/abepro2025\/wp-json\/wp\/v2\/types\/post"}],"author":[{"embeddable":true,"href":"https:\/\/portal.abepro.org.br\/abepro2025\/wp-json\/wp\/v2\/users\/1"}],"replies":[{"embeddable":true,"href":"https:\/\/portal.abepro.org.br\/abepro2025\/wp-json\/wp\/v2\/comments?post=6897"}],"version-history":[{"count":1,"href":"https:\/\/portal.abepro.org.br\/abepro2025\/wp-json\/wp\/v2\/posts\/6897\/revisions"}],"predecessor-version":[{"id":6903,"href":"https:\/\/portal.abepro.org.br\/abepro2025\/wp-json\/wp\/v2\/posts\/6897\/revisions\/6903"}],"wp:featuredmedia":[{"embeddable":true,"href":"https:\/\/portal.abepro.org.br\/abepro2025\/wp-json\/wp\/v2\/media\/6902"}],"wp:attachment":[{"href":"https:\/\/portal.abepro.org.br\/abepro2025\/wp-json\/wp\/v2\/media?parent=6897"}],"wp:term":[{"taxonomy":"category","embeddable":true,"href":"https:\/\/portal.abepro.org.br\/abepro2025\/wp-json\/wp\/v2\/categories?post=6897"},{"taxonomy":"post_tag","embeddable":true,"href":"https:\/\/portal.abepro.org.br\/abepro2025\/wp-json\/wp\/v2\/tags?post=6897"}],"curies":[{"name":"wp","href":"https:\/\/api.w.org\/{rel}","templated":true}]}}