{"id":6898,"date":"2026-09-02T20:11:25","date_gmt":"2026-09-02T20:11:25","guid":{"rendered":"https:\/\/portal.abepro.org.br\/abepro2025\/?p=6898"},"modified":"2026-09-02T20:11:25","modified_gmt":"2026-09-02T20:11:25","slug":"curso-de-engenharia-de-producao-bacharelado-da-ufsc-obtem-reconhecimento-do-mec","status":"publish","type":"post","link":"https:\/\/portal.abepro.org.br\/abepro2025\/curso-de-engenharia-de-producao-bacharelado-da-ufsc-obtem-reconhecimento-do-mec\/","title":{"rendered":"Curso de Engenharia de Produ\u00e7\u00e3o \u2013 Bacharelado da UFSC obt\u00e9m reconhecimento do MEC"},"content":{"rendered":"\n<p class=\"wp-block-paragraph\">A pedidos do nosso associado institucional UFSC, divulgamos a seguinte nota:<\/p>\n\n\n\n<p class=\"wp-block-paragraph\">O curso de <strong>Engenharia de Produ\u00e7\u00e3o \u2013 Bacharelado<\/strong> da Universidade Federal de Santa Catarina (UFSC) alcan\u00e7ou um importante marco institucional com o seu <strong>reconhecimento oficial pelo Minist\u00e9rio da Educa\u00e7\u00e3o (MEC)<\/strong>. A medida foi oficializada por meio da <strong>Portaria SERES\/MEC n\u00ba 411, de 24 de agosto de 2026<\/strong> (publicada no Di\u00e1rio Oficial da Uni\u00e3o em 25\/08\/2026).<br>A conquista consolida o processo de reestrutura\u00e7\u00e3o acad\u00eamica do curso na institui\u00e7\u00e3o. Em funcionamento desde o primeiro semestre de 2023, a gradua\u00e7\u00e3o unificada em Engenharia de Produ\u00e7\u00e3o passou a substituir os antigos cursos do departamento (Engenharia de Produ\u00e7\u00e3o Mec\u00e2nica, Engenharia de Produ\u00e7\u00e3o Civil e Engenharia de Produ\u00e7\u00e3o El\u00e9trica), que atualmente encontram-se em processo de extin\u00e7\u00e3o.<br>Com oferta de <strong>120 vagas anuais<\/strong> no <em>Campus<\/em> Universit\u00e1rio em Florian\u00f3polis\/SC, o reconhecimento valida a excel\u00eancia acad\u00eamica do corpo docente e da estrutura curricular oferecida aos estudantes, refor\u00e7ando a tradi\u00e7\u00e3o e o compromisso da UFSC no ensino e na pesquisa da Engenharia de Produ\u00e7\u00e3o no Brasil.<\/p>\n","protected":false},"excerpt":{"rendered":"<p>A pedidos do nosso associado institucional UFSC, divulgamos a seguinte nota: O curso de Engenharia de Produ\u00e7\u00e3o \u2013 Bacharelado da Universidade Federal de Santa Catarina (UFSC) alcan\u00e7ou um importante marco institucional com o seu reconhecimento oficial pelo Minist\u00e9rio da Educa\u00e7\u00e3o (MEC). A medida foi oficializada por meio da Portaria SERES\/MEC n\u00ba 411, de 24 de [&hellip;]<\/p>\n","protected":false},"author":1,"featured_media":6900,"comment_status":"open","ping_status":"open","sticky":false,"template":"","format":"standard","meta":{"footnotes":""},"categories":[1],"tags":[],"class_list":["post-6898","post","type-post","status-publish","format-standard","has-post-thumbnail","hentry","category-uncategorized"],"_links":{"self":[{"href":"https:\/\/portal.abepro.org.br\/abepro2025\/wp-json\/wp\/v2\/posts\/6898","targetHints":{"allow":["GET"]}}],"collection":[{"href":"https:\/\/portal.abepro.org.br\/abepro2025\/wp-json\/wp\/v2\/posts"}],"about":[{"href":"https:\/\/portal.abepro.org.br\/abepro2025\/wp-json\/wp\/v2\/types\/post"}],"author":[{"embeddable":true,"href":"https:\/\/portal.abepro.org.br\/abepro2025\/wp-json\/wp\/v2\/users\/1"}],"replies":[{"embeddable":true,"href":"https:\/\/portal.abepro.org.br\/abepro2025\/wp-json\/wp\/v2\/comments?post=6898"}],"version-history":[{"count":1,"href":"https:\/\/portal.abepro.org.br\/abepro2025\/wp-json\/wp\/v2\/posts\/6898\/revisions"}],"predecessor-version":[{"id":6899,"href":"https:\/\/portal.abepro.org.br\/abepro2025\/wp-json\/wp\/v2\/posts\/6898\/revisions\/6899"}],"wp:featuredmedia":[{"embeddable":true,"href":"https:\/\/portal.abepro.org.br\/abepro2025\/wp-json\/wp\/v2\/media\/6900"}],"wp:attachment":[{"href":"https:\/\/portal.abepro.org.br\/abepro2025\/wp-json\/wp\/v2\/media?parent=6898"}],"wp:term":[{"taxonomy":"category","embeddable":true,"href":"https:\/\/portal.abepro.org.br\/abepro2025\/wp-json\/wp\/v2\/categories?post=6898"},{"taxonomy":"post_tag","embeddable":true,"href":"https:\/\/portal.abepro.org.br\/abepro2025\/wp-json\/wp\/v2\/tags?post=6898"}],"curies":[{"name":"wp","href":"https:\/\/api.w.org\/{rel}","templated":true}]}}